{"id":353,"date":"2021-05-03T13:12:00","date_gmt":"2021-05-03T13:12:00","guid":{"rendered":"https:\/\/solikreis.org\/?p=353"},"modified":"2026-04-29T11:17:57","modified_gmt":"2026-04-29T11:17:57","slug":"3-mai-2021-bericht-zum-3-prozesstag","status":"publish","type":"post","link":"https:\/\/solikreis.org\/index.php\/2021\/05\/03\/3-mai-2021-bericht-zum-3-prozesstag\/","title":{"rendered":"3. Mai 2021: Bericht zum 3. Prozesstag"},"content":{"rendered":"\n<figure class=\"wp-block-image size-full\"><img loading=\"lazy\" decoding=\"async\" width=\"768\" height=\"512\" src=\"https:\/\/solikreis.org\/wp-content\/uploads\/2025\/12\/Rote-Hilfe-768x512-1.jpg\" alt=\"\" class=\"wp-image-354\" srcset=\"https:\/\/solikreis.org\/wp-content\/uploads\/2025\/12\/Rote-Hilfe-768x512-1.jpg 768w, https:\/\/solikreis.org\/wp-content\/uploads\/2025\/12\/Rote-Hilfe-768x512-1-300x200.jpg 300w\" sizes=\"auto, (max-width: 768px) 100vw, 768px\" \/><\/figure>\n\n\n\n<p>\u00dcber 30 solidarische ProzessbesucherInnen begleiteten am dritten Verhandlungstag das Verfahren gegen Jo und Dy vor der 3. Strafkammer des Stuttgarter Landgerichts. Erneut fand vor dem Geb\u00e4ude des OLG neben der JVA in Stammheim eine Kundgebung zur solidarischen Prozessbegleitung statt. Zur \u201eProzesssicherung\u201c war die Stuttgarter Einsatzhundertschaft mit Kamera\u00fcberwachungswagen sowie Kr\u00e4fte des G\u00f6ppinger BFE abgestellt, das Gerichtsgeb\u00e4ude war, wie bereits an den letzten Verhandlungstagen, weitr\u00e4umig mit Hamburger Gittern abgesperrt. Der Prozess begann um 9 Uhr und endete gegen 17.30 Uhr.<\/p>\n\n\n<a class=\"wp-block-read-more\" href=\"https:\/\/solikreis.org\/index.php\/2021\/05\/03\/3-mai-2021-bericht-zum-3-prozesstag\/\" target=\"_self\">Weiterlesen<span class=\"screen-reader-text\">: 3. Mai 2021: Bericht zum 3. Prozesstag<\/span><\/a>\n\n\n<p>Im Gerichtssaal wurde die ZeugInnenvernehmung fortgesetzt. Zudem war heute auch Dubravko Mandic zum ersten Mal als Nebenklageanwalt von ZA-Mitglied Andreas Ziegler anwesend. Mandic fiel w\u00e4hrend der Verhandlung haupts\u00e4chlich mit verbalen Angriffen gegen die Anw\u00e4lte der Verteidigung auf. Mehr war f\u00fcr seinen Mandanten an dieser Stelle aber auch nicht zu holen: Schon die erste Zeugin des Tages, eine unbeteiligte Frau, die mit ihrer Tochter am Tattag unterwegs war, best\u00e4tigte durch ihre Aussage, dass Andreas Ziegler nicht nur mit Protektoren, sondern auch mit mindestens einem Schlagring bewaffnet war. Sie war dem bewusstlosen Ziegler zur Hilfe geeilt und hatte den auf der Hand aufgezogenen Schlagring bemerkt. Der Ring wurde Andreas Ziegler jedoch vor dem Eintreffen der Polizei von einem Unbekannten abgenommen. Vieles deutet darauf hin, dass es sich dabei um ein Mitglied der \u201eZentrum Automobil\u201c-Reisegruppe gehandelt hat.<\/p>\n\n\n\n<p>Im weiteren Verlauf der Verhandlung wurden noch mehrere ZeugInnen vernommen, keine von ihnen konnte belastende Aussagen gegen die beiden Angeklagten vorbringen. Entweder, weil nichts erkannt wurde, oder weil die Beschreibungen der mutma\u00dflichen T\u00e4ter nicht den Angeklagten entsprachen.<\/p>\n\n\n\n<p>Unterst\u00fctzung erhielten die drei gesch\u00e4digten ZA-Nazis und Nebenkl\u00e4ger Ziegler, Thut und Dippon heute durch AfD-Mitglieder. Jochen Lobstedt, der JA-Landesvorstand Baden-W\u00fcrttembergs, war mit seinem Vater Frank Lobstedt, der als Security Mitarbeiter f\u00fcr die AfD t\u00e4tig ist, angereist. Mit im Gep\u00e4ck war neben Nebenkl\u00e4ger Andreas Ziegler auch Zieglers neue Lebensgef\u00e4hrtin Christiane Schmauder.<\/p>\n\n\n\n<p>Der Prozess wird bis auf Weiteres in Stuttgart-Stammheim in den R\u00e4umen des OLG stattfinden. Die bisher anberaumten mittwochs Termine sind abgesagt. Verhandelt wird bis Mitte Juni vorerst nur montags. Aktuell ist der Prozess bis Oktober 2021 terminiert.<br>Zum n\u00e4chsten Prozesstermin am 10. Mai 2021 rufen wir erneut zur solidarischen Prozessbegleitung ab 8 Uhr in Stammheim auf.<\/p>\n\n\n\n<figure class=\"wp-block-image\"><a href=\"https:\/\/web.archive.org\/web\/20240731210226\/https:\/\/freiheit-fuer-jo.org\/3-mai-2021-bericht-zum-3-prozesstag\/rote-hilfe\/\"><img decoding=\"async\" src=\"https:\/\/web.archive.org\/web\/20240731210226im_\/https:\/\/freiheit-fuer-jo.org\/wp-content\/uploads\/2021\/05\/Rote-Hilfe-150x150.jpg\" alt=\"\"\/><\/a><\/figure>\n\n\n\n<figure class=\"wp-block-image\"><a href=\"https:\/\/web.archive.org\/web\/20240731210226\/https:\/\/freiheit-fuer-jo.org\/3-mai-2021-bericht-zum-3-prozesstag\/polizeipraesenz\/\"><img decoding=\"async\" src=\"https:\/\/web.archive.org\/web\/20240731210226im_\/https:\/\/freiheit-fuer-jo.org\/wp-content\/uploads\/2021\/05\/Polizeipraesenz-150x150.jpg\" alt=\"\"\/><\/a><\/figure>\n\n\n\n<figure class=\"wp-block-image\"><a href=\"https:\/\/web.archive.org\/web\/20240731210226\/https:\/\/freiheit-fuer-jo.org\/3-mai-2021-bericht-zum-3-prozesstag\/freiheit-fuer-dy\/\"><img decoding=\"async\" src=\"https:\/\/web.archive.org\/web\/20240731210226im_\/https:\/\/freiheit-fuer-jo.org\/wp-content\/uploads\/2021\/05\/Freiheit-fuer-Dy-150x150.jpg\" alt=\"\"\/><\/a><\/figure>\n","protected":false},"excerpt":{"rendered":"<p>\u00dcber 30 solidarische ProzessbesucherInnen begleiteten am dritten Verhandlungstag das Verfahren gegen Jo und Dy vor der 3. Strafkammer des Stuttgarter Landgerichts. Erneut fand vor dem Geb\u00e4ude des OLG neben der JVA in Stammheim eine Kundgebung zur solidarischen Prozessbegleitung statt. Zur \u201eProzesssicherung\u201c war die Stuttgarter Einsatzhundertschaft mit Kamera\u00fcberwachungswagen sowie Kr\u00e4fte des G\u00f6ppinger BFE abgestellt, das Gerichtsgeb\u00e4ude [&hellip;]<\/p>\n","protected":false},"author":1,"featured_media":354,"comment_status":"closed","ping_status":"closed","sticky":false,"template":"","format":"standard","meta":{"footnotes":""},"categories":[6,8],"tags":[],"class_list":["post-353","post","type-post","status-publish","format-standard","has-post-thumbnail","hentry","category-aktuelles","category-wasenverfahren"],"_links":{"self":[{"href":"https:\/\/solikreis.org\/index.php\/wp-json\/wp\/v2\/posts\/353","targetHints":{"allow":["GET"]}}],"collection":[{"href":"https:\/\/solikreis.org\/index.php\/wp-json\/wp\/v2\/posts"}],"about":[{"href":"https:\/\/solikreis.org\/index.php\/wp-json\/wp\/v2\/types\/post"}],"author":[{"embeddable":true,"href":"https:\/\/solikreis.org\/index.php\/wp-json\/wp\/v2\/users\/1"}],"replies":[{"embeddable":true,"href":"https:\/\/solikreis.org\/index.php\/wp-json\/wp\/v2\/comments?post=353"}],"version-history":[{"count":1,"href":"https:\/\/solikreis.org\/index.php\/wp-json\/wp\/v2\/posts\/353\/revisions"}],"predecessor-version":[{"id":355,"href":"https:\/\/solikreis.org\/index.php\/wp-json\/wp\/v2\/posts\/353\/revisions\/355"}],"wp:featuredmedia":[{"embeddable":true,"href":"https:\/\/solikreis.org\/index.php\/wp-json\/wp\/v2\/media\/354"}],"wp:attachment":[{"href":"https:\/\/solikreis.org\/index.php\/wp-json\/wp\/v2\/media?parent=353"}],"wp:term":[{"taxonomy":"category","embeddable":true,"href":"https:\/\/solikreis.org\/index.php\/wp-json\/wp\/v2\/categories?post=353"},{"taxonomy":"post_tag","embeddable":true,"href":"https:\/\/solikreis.org\/index.php\/wp-json\/wp\/v2\/tags?post=353"}],"curies":[{"name":"wp","href":"https:\/\/api.w.org\/{rel}","templated":true}]}}