{"id":356,"date":"2021-04-26T13:12:00","date_gmt":"2021-04-26T13:12:00","guid":{"rendered":"https:\/\/solikreis.org\/?p=356"},"modified":"2026-04-29T11:18:34","modified_gmt":"2026-04-29T11:18:34","slug":"26-april-2021-bericht-zum-2-prozesstag","status":"publish","type":"post","link":"https:\/\/solikreis.org\/index.php\/2021\/04\/26\/26-april-2021-bericht-zum-2-prozesstag\/","title":{"rendered":"26. April 2021: Bericht zum 2. Prozesstag"},"content":{"rendered":"\n<figure class=\"wp-block-image size-full\"><img loading=\"lazy\" decoding=\"async\" width=\"768\" height=\"509\" src=\"https:\/\/solikreis.org\/wp-content\/uploads\/2025\/12\/Briefe-Schreiben-768x509-1.jpg\" alt=\"\" class=\"wp-image-357\" srcset=\"https:\/\/solikreis.org\/wp-content\/uploads\/2025\/12\/Briefe-Schreiben-768x509-1.jpg 768w, https:\/\/solikreis.org\/wp-content\/uploads\/2025\/12\/Briefe-Schreiben-768x509-1-300x199.jpg 300w\" sizes=\"auto, (max-width: 768px) 100vw, 768px\" \/><\/figure>\n\n\n\n<p>Mit der Verlesung der Anklageschrift und ersten Zeugenaussagen wurde heute der Prozess gegen die beiden Antifaschisten Jo und Dy fortgesetzt. Der Prozess vor der 3. Strafkammer des Stuttgarter Landgerichts war am vergangenen Montag wegen eines Corona-Ausbruchs in der JVA-Stammheim unmittelbar nach Beginn unterbrochen worden. Der Prozess begann heute um 9 Uhr und endete gegen 16 Uhr.<\/p>\n\n\n<a class=\"wp-block-read-more\" href=\"https:\/\/solikreis.org\/index.php\/2021\/04\/26\/26-april-2021-bericht-zum-2-prozesstag\/\" target=\"_self\">Weiterlesen<span class=\"screen-reader-text\">: 26. April 2021: Bericht zum 2. Prozesstag<\/span><\/a>\n\n\n<p><strong>Brisante Infos zum Auftakt<\/strong><\/p>\n\n\n\n<p>Die beiden Angeklagten schwiegen zu den Vorw\u00fcrfen der Staatsanwaltschaft, lie\u00dfen jedoch \u00fcber ihre Verteidiger die Version der Staatsanwaltschaft zur\u00fcckweisen. Als erste Zeugen sagten am heutigen Prozesstag die \u201eZentrum Automobil (ZA)\u201c-Mitglieder Ingo Thut und Jens Dippon aus. Beide verstrickten sich in ihren Aussagen immer wieder in Widerspr\u00fcche. Im Kern blieb h\u00e4ngen: Nahezu alle Infos zu z.B. vermeintlich am Tatort gefundenen Kleiders\u00e4cken und 16 Schlagringen, die Thut und Dippon in Videos von ZA auf YouTube zum besten gaben, sind augenscheinlich frei erfunden.<\/p>\n\n\n\n<p>Ein am Cannstatter Wasen aufgefundener Schlagring war heute trotzdem Thema der Verhandlung. Auf dessen Grifffl\u00e4chen hatten die ErmittlerInnen DNA-Spuren vom Hauptgesch\u00e4digten Andreas Ziegler gefunden. Zudem wurde bekannt, dass Ziegler am Tattag mit Schienbein- und Ellenbogen-Protektoren und verst\u00e4rkten Handschuhen gekleidet war. Ebenfalls ergriff er nicht wie die beiden anderen Gesch\u00e4digten die Flucht sondern blieb stehen. Das alles zusammen l\u00e4sst Zweifel an der Version vom unbescholtenen Gewerkschafter wachsen und l\u00e4sst vielmehr den Schluss zu, dass er bewaffnet Konfrontationen suchen wollte.<\/p>\n\n\n\n<p>Zudem wurde bekannt, dass \u201eZentrum Automobil\u201c-Pressesprecher Andreas Ziegler, zum zweiten Prozesstag seinen Nebenklage-Anwalt gewechselt hat. Er wird zuk\u00fcnftig vom ehemaligen AfD-Landtagskandidat und Freiburger Stadtrat Dubravko Mandic vertreten, der jedoch heute noch nicht anwesend war. Mandic f\u00e4llt seit Jahren als strammer Faschist auf, der sich auch mit T-Shirts von Blood &amp; Honour Kampfsport-Events (\u201eKampf der Nibelungen\u201c) ablichten l\u00e4sst. Er unterh\u00e4lt beste Kontakte in die gesamte rechte Bewegung.<\/p>\n\n\n\n<p><strong>Solidarit\u00e4t vor dem Gericht<\/strong><\/p>\n\n\n\n<p>Auch zum zweiten Verhandlungstag hatten wir von der Kampagne \u201eAntifaschismus bleibt notwendig!\u201c zu einer solidarischen Prozessbegleitung aufgerufen. \u00dcber 80 Menschen folgten diesem Aufruf. Erneut konnten so die begrenzten Pl\u00e4tze im Verhandlungssaal des OLG-Bunkers in Stammheim mit solidarischen Menschen besetzt werden. Die angereisten Nazis rund um das ZA-Stammpersonal konnte so der Weg ins Gericht verwehrt werden.<\/p>\n\n\n\n<p>Die Gruppe um Christian Schickart (ZA), Thomas Scharfy (ZA) und AfD-Bezirksbeirat Andreas Brandmeier (ZA) wurde heute von Michael Seibold von der Identit\u00e4ren Bewegung Stuttgart (IB) begleitet. Letzterer schien als Ersatz f\u00fcr den faschistischen Filmemacher Simon Kaupert (1% und IB) zur medialen Dokumentation eingeteilt worden zu sein.<\/p>\n\n\n\n<p>Die offen zur Schau getragene Zusammenarbeit von Zentrum, AfD und IB am heutigen Prozesstag ist ein weiterer Beleg daf\u00fcr, dass hinter der vermeintlich rebellischen Fassade von \u201eZentrum Automobil\u201c offen faschistische Ideologie steht. Es bleibt dabei: ZA ist keine Gewerkschaft, sondern ein Verein von und f\u00fcr Nazis.<\/p>\n\n\n\n<p>Vor dem Gerichtsgeb\u00e4ude startete gegen 9 Uhr unsere Kundgebung mit aufgezeichneten Redebeitr\u00e4gen, Interviews und Musik. Unser Aufruf, w\u00e4hrend der Wartezeit vor dem OLG-Bunker Briefe an politische Gefangene zu schreiben, fand gro\u00dfen Anklang. So konnten einige Umschl\u00e4ge an Dy und weitere politische Gefangene adressiert werden.<\/p>\n\n\n\n<p>Die Stuttgarter Polizei war derweil mit einem gewohnt gro\u00dfen Aufgebot anwesend, das Prozessgeb\u00e4ude war weitr\u00e4umig mit Hamburger Gittern abgesperrt. Im Gegensatz zu vergangener Woche, als die Polizei solidarische ProzessbegleiterInnen mit Platzverweisen und vermeintlichen Corona-Verst\u00f6\u00dfen drangsalierte, hielten sich die Einheiten rund um das G\u00f6ppinger BFE heute im Hintergrund.<\/p>\n\n\n\n<p>Vielen Dank an alle AntifaschistInnen, die sich rund um den Prozess solidarisch zeigen. Wir sehen uns am 3. Mai 2021 um 8 Uhr vor dem OLG-Geb\u00e4ude in Stammheim zum n\u00e4chsten Prozesstermin.<\/p>\n\n\n\n<p>Antifaschismus bleibt notwendig!<\/p>\n\n\n\n<figure class=\"wp-block-gallery has-nested-images columns-default is-cropped wp-block-gallery-1 is-layout-flex wp-block-gallery-is-layout-flex\">\n<figure class=\"wp-block-image\"><a href=\"https:\/\/web.archive.org\/web\/20240731210228\/https:\/\/freiheit-fuer-jo.org\/wp-content\/uploads\/2021\/04\/Vor-Prozessbeginn.jpg\"><img decoding=\"async\" src=\"https:\/\/web.archive.org\/web\/20240731210228im_\/https:\/\/freiheit-fuer-jo.org\/wp-content\/uploads\/2021\/04\/Vor-Prozessbeginn-150x150.jpg\" alt=\"\"\/><\/a><\/figure>\n\n\n\n<figure class=\"wp-block-image\"><a href=\"https:\/\/web.archive.org\/web\/20240731210228\/https:\/\/freiheit-fuer-jo.org\/wp-content\/uploads\/2021\/04\/Vor-Prozessbeginn-2.jpg\"><img decoding=\"async\" src=\"https:\/\/web.archive.org\/web\/20240731210228im_\/https:\/\/freiheit-fuer-jo.org\/wp-content\/uploads\/2021\/04\/Vor-Prozessbeginn-2-150x150.jpg\" alt=\"\"\/><\/a><\/figure>\n\n\n\n<figure class=\"wp-block-image\"><a href=\"https:\/\/web.archive.org\/web\/20240731210228\/https:\/\/freiheit-fuer-jo.org\/wp-content\/uploads\/2021\/04\/Vor-Prozessbeginn-3.jpg\"><img decoding=\"async\" src=\"https:\/\/web.archive.org\/web\/20240731210228im_\/https:\/\/freiheit-fuer-jo.org\/wp-content\/uploads\/2021\/04\/Vor-Prozessbeginn-3-150x150.jpg\" alt=\"\"\/><\/a><\/figure>\n\n\n\n<figure class=\"wp-block-image\"><a href=\"https:\/\/web.archive.org\/web\/20240731210228\/https:\/\/freiheit-fuer-jo.org\/wp-content\/uploads\/2021\/04\/Aufbau-Kundgebung.jpg\"><img decoding=\"async\" src=\"https:\/\/web.archive.org\/web\/20240731210228im_\/https:\/\/freiheit-fuer-jo.org\/wp-content\/uploads\/2021\/04\/Aufbau-Kundgebung-150x150.jpg\" alt=\"\"\/><\/a><\/figure>\n\n\n\n<figure class=\"wp-block-image\"><a href=\"https:\/\/web.archive.org\/web\/20240731210228\/https:\/\/freiheit-fuer-jo.org\/wp-content\/uploads\/2021\/04\/Solidarische-Prozessbegleitung.jpg\"><img decoding=\"async\" src=\"https:\/\/web.archive.org\/web\/20240731210228im_\/https:\/\/freiheit-fuer-jo.org\/wp-content\/uploads\/2021\/04\/Solidarische-Prozessbegleitung-150x150.jpg\" alt=\"\"\/><\/a><\/figure>\n\n\n\n<figure class=\"wp-block-image\"><a href=\"https:\/\/web.archive.org\/web\/20240731210228\/https:\/\/freiheit-fuer-jo.org\/wp-content\/uploads\/2021\/04\/Briefe-Schreiben.jpg\"><img decoding=\"async\" src=\"https:\/\/web.archive.org\/web\/20240731210228im_\/https:\/\/freiheit-fuer-jo.org\/wp-content\/uploads\/2021\/04\/Briefe-Schreiben-150x150.jpg\" alt=\"\"\/><\/a><\/figure>\n\n\n\n<figure class=\"wp-block-image\"><a href=\"https:\/\/web.archive.org\/web\/20240731210228\/https:\/\/freiheit-fuer-jo.org\/wp-content\/uploads\/2021\/04\/Solidarische-Mittagspause.jpg\"><img decoding=\"async\" src=\"https:\/\/web.archive.org\/web\/20240731210228im_\/https:\/\/freiheit-fuer-jo.org\/wp-content\/uploads\/2021\/04\/Solidarische-Mittagspause-150x150.jpg\" alt=\"\"\/><\/a><\/figure>\n\n\n\n<figure class=\"wp-block-image\"><a href=\"https:\/\/web.archive.org\/web\/20240731210228\/https:\/\/freiheit-fuer-jo.org\/wp-content\/uploads\/2021\/04\/Lesen-gegen-Nazis.jpg\"><img decoding=\"async\" src=\"https:\/\/web.archive.org\/web\/20240731210228im_\/https:\/\/freiheit-fuer-jo.org\/wp-content\/uploads\/2021\/04\/Lesen-gegen-Nazis-150x150.jpg\" alt=\"\"\/><\/a><\/figure>\n<\/figure>\n\n\n\n<p><\/p>\n","protected":false},"excerpt":{"rendered":"<p>Mit der Verlesung der Anklageschrift und ersten Zeugenaussagen wurde heute der Prozess gegen die beiden Antifaschisten Jo und Dy fortgesetzt. Der Prozess vor der 3. Strafkammer des Stuttgarter Landgerichts war am vergangenen Montag wegen eines Corona-Ausbruchs in der JVA-Stammheim unmittelbar nach Beginn unterbrochen worden. Der Prozess begann heute um 9 Uhr und endete gegen 16 [&hellip;]<\/p>\n","protected":false},"author":1,"featured_media":357,"comment_status":"closed","ping_status":"closed","sticky":false,"template":"","format":"standard","meta":{"footnotes":""},"categories":[6,8],"tags":[],"class_list":["post-356","post","type-post","status-publish","format-standard","has-post-thumbnail","hentry","category-aktuelles","category-wasenverfahren"],"_links":{"self":[{"href":"https:\/\/solikreis.org\/index.php\/wp-json\/wp\/v2\/posts\/356","targetHints":{"allow":["GET"]}}],"collection":[{"href":"https:\/\/solikreis.org\/index.php\/wp-json\/wp\/v2\/posts"}],"about":[{"href":"https:\/\/solikreis.org\/index.php\/wp-json\/wp\/v2\/types\/post"}],"author":[{"embeddable":true,"href":"https:\/\/solikreis.org\/index.php\/wp-json\/wp\/v2\/users\/1"}],"replies":[{"embeddable":true,"href":"https:\/\/solikreis.org\/index.php\/wp-json\/wp\/v2\/comments?post=356"}],"version-history":[{"count":1,"href":"https:\/\/solikreis.org\/index.php\/wp-json\/wp\/v2\/posts\/356\/revisions"}],"predecessor-version":[{"id":358,"href":"https:\/\/solikreis.org\/index.php\/wp-json\/wp\/v2\/posts\/356\/revisions\/358"}],"wp:featuredmedia":[{"embeddable":true,"href":"https:\/\/solikreis.org\/index.php\/wp-json\/wp\/v2\/media\/357"}],"wp:attachment":[{"href":"https:\/\/solikreis.org\/index.php\/wp-json\/wp\/v2\/media?parent=356"}],"wp:term":[{"taxonomy":"category","embeddable":true,"href":"https:\/\/solikreis.org\/index.php\/wp-json\/wp\/v2\/categories?post=356"},{"taxonomy":"post_tag","embeddable":true,"href":"https:\/\/solikreis.org\/index.php\/wp-json\/wp\/v2\/tags?post=356"}],"curies":[{"name":"wp","href":"https:\/\/api.w.org\/{rel}","templated":true}]}}