{"id":359,"date":"2021-04-19T13:12:00","date_gmt":"2021-04-19T13:12:00","guid":{"rendered":"https:\/\/solikreis.org\/?p=359"},"modified":"2026-04-29T11:19:20","modified_gmt":"2026-04-29T11:19:20","slug":"19-april-2021-ueber-100-menschen-bei-solidarischer-prozessbegleitung","status":"publish","type":"post","link":"https:\/\/solikreis.org\/index.php\/2021\/04\/19\/19-april-2021-ueber-100-menschen-bei-solidarischer-prozessbegleitung\/","title":{"rendered":"19. April 2021: \u00dcber 100 Menschen bei solidarischer Prozessbegleitung"},"content":{"rendered":"\n<figure class=\"wp-block-image size-full\"><img loading=\"lazy\" decoding=\"async\" width=\"768\" height=\"576\" src=\"https:\/\/solikreis.org\/wp-content\/uploads\/2025\/12\/IMG_0209-768x576-1.jpg\" alt=\"\" class=\"wp-image-360\" srcset=\"https:\/\/solikreis.org\/wp-content\/uploads\/2025\/12\/IMG_0209-768x576-1.jpg 768w, https:\/\/solikreis.org\/wp-content\/uploads\/2025\/12\/IMG_0209-768x576-1-300x225.jpg 300w\" sizes=\"auto, (max-width: 768px) 100vw, 768px\" \/><\/figure>\n\n\n\n<p>Heute begann vor dem Stuttgarter Landgericht der Prozess gegen die beiden Antifaschisten Jo und Dy. Als Kampagne \u201eAntifaschismus bleibt notwendig!\u201c hatten wir im Vorfeld zur Kundgebung und solidarischen Prozessbegleitung am OLG-Geb\u00e4ude an der JVA-Stammheim aufgerufen.<\/p>\n\n\n<a class=\"wp-block-read-more\" href=\"https:\/\/solikreis.org\/index.php\/2021\/04\/19\/19-april-2021-ueber-100-menschen-bei-solidarischer-prozessbegleitung\/\" target=\"_self\">Weiterlesen<span class=\"screen-reader-text\">: 19. April 2021: \u00dcber 100 Menschen bei solidarischer Prozessbegleitung<\/span><\/a>\n\n\n<p>Unserem Aufruf folgten in den fr\u00fchen Morgenstunden \u00fcber 100 Menschen, die die angeklagten Antifaschisten solidarisch unterst\u00fctzten und mit ihrer Pr\u00e4senz verhinderten, dass die Faschisten von \u201eZentrum Automobil (ZA)\u201c sowie die rechte Presse in den Gerichtssaal gelangen konnten.<\/p>\n\n\n\n<p>Direkt nach Verhandlungsbeginn wurde klar, dass Dy, wie die komplette JVA Stammheim, unter Quarant\u00e4ne steht und somit nicht bei der Verhandlung anwesend sein konnte. Weder Anw\u00e4lte, noch Richter wurden dar\u00fcber informiert, obwohl die Gef\u00e4ngnisleitung schon Ende letzter Woche dar\u00fcber Kenntnis hatten.<\/p>\n\n\n\n<p>Trotz der kurzen Verhandlung machten wir mit einer Kundgebung auf dem Parkplatz vor der JVA auf die Notwendigkeit eines konsequenten Antifaschismus und der spektren\u00fcbergreifenden Solidarit\u00e4t aufmerksam. Neben uns sprach dazu die Stuttgarter Ortsgruppe der Roten Hilfe.<\/p>\n\n\n\n<p>Zudem wurde auf die politischen und organisatorischen Hintergr\u00fcnde der drei Nebenkl\u00e4ger und anderer Mitglieder von \u201eZentrum Automobil\u201c eingegangen, unter anderem wurden deren Verbindungen zur AfD und zum NSU-Netzwerk auf einer Stellwand bildlich sichtbar gemacht.<\/p>\n\n\n\n<p>Die Polizei war mit mehreren Hundertschaften und Spezialkr\u00e4ften im Einsatz, filmte fast die ganze Zeit und verteilte Platzverweise sowie Anzeigen wegen des Versto\u00dfes gegen die Coronaauflagen, nachdem einige AntifaschistInnen den faschistischen Filmemacher und ZA-Mitarbeiter Simon Kaupert beim Filmen abschirmten.<\/p>\n\n\n\n<p>Die knapp zehn Nazis von \u201eZA\u201c wurden wie angek\u00fcndigt von weiteren rechten Medienteams unterst\u00fctzt. Darunter auch der selbsternannte \u201eVolkslehrer\u201c Nikolai Nehrling und der Fellbacher Neonazi Michael Stecher.<\/p>\n\n\n\n<p>Am ersten Prozesstag wurde zudem bekannt, dass zwei Nazi-Nebenkl\u00e4ger vom Stuttgarter CDU-Landtagsabgeordneten Reinhard L\u00f6ffler vertreten werden. W\u00e4hrend CDU-Innenminister Strobl nach der Razzia im vergangenen Sommer mit den Worten \u201eWir kriegen euch\u201c eine klare Kampfansage an die antifaschistische Bewegung formuliert hatte, setzt sie sein Fraktionskollege L\u00f6ffler jetzt in die Tat um.<\/p>\n\n\n\n<p>Der voraussichtlich n\u00e4chste Prozesstermin ist am kommenden Montag, den 26.4. um 9:00 Uhr im OLG-Geb\u00e4ude in Stammheim. Auch weiterhin werden die Faschisten mobilisieren, haltet euch den Tag frei und kommt zur solidarischen Prozessbegleitung um 8:00 Uhr vor dem OLG.<\/p>\n","protected":false},"excerpt":{"rendered":"<p>Heute begann vor dem Stuttgarter Landgericht der Prozess gegen die beiden Antifaschisten Jo und Dy. Als Kampagne \u201eAntifaschismus bleibt notwendig!\u201c hatten wir im Vorfeld zur Kundgebung und solidarischen Prozessbegleitung am OLG-Geb\u00e4ude an der JVA-Stammheim aufgerufen. Unserem Aufruf folgten in den fr\u00fchen Morgenstunden \u00fcber 100 Menschen, die die angeklagten Antifaschisten solidarisch unterst\u00fctzten und mit ihrer Pr\u00e4senz [&hellip;]<\/p>\n","protected":false},"author":1,"featured_media":360,"comment_status":"closed","ping_status":"closed","sticky":false,"template":"","format":"standard","meta":{"footnotes":""},"categories":[6,8],"tags":[],"class_list":["post-359","post","type-post","status-publish","format-standard","has-post-thumbnail","hentry","category-aktuelles","category-wasenverfahren"],"_links":{"self":[{"href":"https:\/\/solikreis.org\/index.php\/wp-json\/wp\/v2\/posts\/359","targetHints":{"allow":["GET"]}}],"collection":[{"href":"https:\/\/solikreis.org\/index.php\/wp-json\/wp\/v2\/posts"}],"about":[{"href":"https:\/\/solikreis.org\/index.php\/wp-json\/wp\/v2\/types\/post"}],"author":[{"embeddable":true,"href":"https:\/\/solikreis.org\/index.php\/wp-json\/wp\/v2\/users\/1"}],"replies":[{"embeddable":true,"href":"https:\/\/solikreis.org\/index.php\/wp-json\/wp\/v2\/comments?post=359"}],"version-history":[{"count":1,"href":"https:\/\/solikreis.org\/index.php\/wp-json\/wp\/v2\/posts\/359\/revisions"}],"predecessor-version":[{"id":361,"href":"https:\/\/solikreis.org\/index.php\/wp-json\/wp\/v2\/posts\/359\/revisions\/361"}],"wp:featuredmedia":[{"embeddable":true,"href":"https:\/\/solikreis.org\/index.php\/wp-json\/wp\/v2\/media\/360"}],"wp:attachment":[{"href":"https:\/\/solikreis.org\/index.php\/wp-json\/wp\/v2\/media?parent=359"}],"wp:term":[{"taxonomy":"category","embeddable":true,"href":"https:\/\/solikreis.org\/index.php\/wp-json\/wp\/v2\/categories?post=359"},{"taxonomy":"post_tag","embeddable":true,"href":"https:\/\/solikreis.org\/index.php\/wp-json\/wp\/v2\/tags?post=359"}],"curies":[{"name":"wp","href":"https:\/\/api.w.org\/{rel}","templated":true}]}}