{"id":498,"date":"2026-02-19T16:41:49","date_gmt":"2026-02-19T16:41:49","guid":{"rendered":"https:\/\/solikreis.org\/?p=498"},"modified":"2026-04-13T14:58:19","modified_gmt":"2026-04-13T14:58:19","slug":"kriminalisierung-von-anmelderinnen-als-weiteres-mittel-zur-einschraenkung-der-versammlungsfreiheit-aufruf-zur-solidarischen-prozessbegleitung","status":"publish","type":"post","link":"https:\/\/solikreis.org\/index.php\/2026\/02\/19\/kriminalisierung-von-anmelderinnen-als-weiteres-mittel-zur-einschraenkung-der-versammlungsfreiheit-aufruf-zur-solidarischen-prozessbegleitung\/","title":{"rendered":"Kriminalisierung von Anmelder:innen als weiteres Mittel zur Einschr\u00e4nkung der Versammlungsfreiheit &#8211; Aufruf zur solidarischen Prozessbegleitung"},"content":{"rendered":"\n<figure class=\"wp-block-image size-large\"><img loading=\"lazy\" decoding=\"async\" width=\"819\" height=\"1024\" src=\"https:\/\/solikreis.org\/wp-content\/uploads\/2026\/02\/1-1-819x1024.png\" alt=\"\" class=\"wp-image-499\" srcset=\"https:\/\/solikreis.org\/wp-content\/uploads\/2026\/02\/1-1-819x1024.png 819w, https:\/\/solikreis.org\/wp-content\/uploads\/2026\/02\/1-1-240x300.png 240w, https:\/\/solikreis.org\/wp-content\/uploads\/2026\/02\/1-1-768x960.png 768w, https:\/\/solikreis.org\/wp-content\/uploads\/2026\/02\/1-1.png 1080w\" sizes=\"auto, (max-width: 819px) 100vw, 819px\" \/><\/figure>\n\n\n\n<p>In Stuttgart fahren Polizei und Versammlungsbeh\u00f6rden schon seit ein paar Jahren einen harten Kurs gegen linke und ihnen unliebsame Demonstrationen und Kundgebungen.<\/p>\n\n\n<a class=\"wp-block-read-more\" href=\"https:\/\/solikreis.org\/index.php\/2026\/02\/19\/kriminalisierung-von-anmelderinnen-als-weiteres-mittel-zur-einschraenkung-der-versammlungsfreiheit-aufruf-zur-solidarischen-prozessbegleitung\/\" target=\"_self\">Weiterlesen<span class=\"screen-reader-text\">: Kriminalisierung von Anmelder:innen als weiteres Mittel zur Einschr\u00e4nkung der Versammlungsfreiheit &#8211; Aufruf zur solidarischen Prozessbegleitung<\/span><\/a>\n\n\n<p>Angefangen mit der Verunm\u00f6glichung der Demonstration &#8222;Canstatt Nazifrei&#8220; anl\u00e4sslich des AfD Landesparteitags 2022, wurden auch die darauffolgenden revolution\u00e4ren 1.Mai Demonstrationen gewaltsam von der Polizei angegriffen und die geplante Durchf\u00fchrung damit verhindert &#8211; auf Kosten des Versammlungsrechts. Grund daf\u00fcr: zu lange Seitentransparente.&nbsp;<\/p>\n\n\n\n<p>Die Versammlungsbeh\u00f6rde entschied n\u00e4mlich, dass Seitentransparente \u00fcber 1,5m L\u00e4nge eine Gefahr f\u00fcr Leib und Leben darstellen w\u00fcrden, da die Polizei keine uneingeschr\u00e4nkte Sicht auf alle Demonstrationsteilnehmer:innen h\u00e4tte. In Wirklichkeit steckte auf h\u00f6chster politischer Ebene ein Umsteuern auf einen harten Kurs und &#8222;Null Toleranz&#8220; im Umgang mit unseren Versammlungen dahinter.<\/p>\n\n\n\n<p>Es sei angemerkt, dass \u00fcberall sonst in der Bundesrepublik Seitentransparente auf Demos v\u00f6llig selbstverst\u00e4ndlich sind.<\/p>\n\n\n\n<p>Am 1.Mai 2024 wurde genau aus diesem Grund der vordere Teil der Demo brutal angegangen und anschlie\u00dfend \u00fcber Stunden gekesselt. Die Prozesse gegen die Teilnehmer:innen der revolution\u00e4ren Demo haben k\u00fcrzlich begonnen und werden sich vermutlich \u00fcber Monate hinweg ziehen.<\/p>\n\n\n\n<p>Auch eine weitere Methode zur Kriminalisierung von widerst\u00e4ndigen Bewegungen und ihrem Ausdruck auf der Stra\u00dfe machen sich die Repressionsbeh\u00f6rden zunutze: Seit geraumer Zeit werden die Anmelder:innen und Leiter:innen von Versammlungen vor Gericht gezerrt und stellvertretend f\u00fcr vermeintliche Verfehlungen von Teilnehmer:innen angeklagt. So wurde neben der Anmelderin besagter Versammlung in Cannstatt, auch die Anmelderin der Demo zum internationalen Frauenkampftag 2022 angeklagt. Beim anschlie\u00dfenden Prozess sammelten sich solidarische Unterst\u00fctzer:innen vor dem Gerichtsgeb\u00e4ude &#8211; es wurde an den Protest erinnert, sich ausgetauscht und gemeinsam Kaffee getrunken. Die Polizei zeigte eine Genossin an, die dazu bereit war, die spontane Versammlung auf Dr\u00e4ngen der Ordnungsbeh\u00f6rden hin anzumelden. Das Gericht verurteilte sie daraufhin zu einer Geldstrafe.<\/p>\n\n\n\n<p>Und die Repression geht weiter: Das Verfahren gegen den Anmelder der oben genannten 1. Mai Demo l\u00e4uft nach wie vor.&nbsp;<\/p>\n\n\n\n<p>Am 24. Februar steht eine Genossin vor Gericht, weil sie eine Demonstration des Antifaschistischen Aktionsb\u00fcndnis Stuttgart und Region (AABS) in Solidarit\u00e4t mit kriminalisierten Antifaschist:innen angemeldet hat. Nicht alle Auflagen wurden f\u00fcr die Polizei zufriedenstellend genug durchgesetzt, was einen Strafbefehl gegen die Anmelderin zur Folge hatte.&nbsp;<\/p>\n\n\n\n<p>Solche Nichtigkeiten kontinuierlich in Prozessen Enden zu lassen ist kein Zufall: Es reiht sich ein in den Versuch Versammlungsrecht derart einzuschr\u00e4nken, dass ein ad\u00e4quater Ausdruck der politischen Inhalte schlicht unm\u00f6glich ist. Durch die Kriminalisierung der Anmelder:innen wird ein Bedrohungsszenario aufgebaut, dass dazu f\u00fchren soll, dass sich Menschen nicht mehr trauen Versammlungen anzumelden. Wer seine Versammlungsfreiheit in der Praxis einfordert muss mit einer anschlie\u00dfenden Kriminalisierung rechnen.&nbsp;<\/p>\n\n\n\n<p>Doch wir lassen uns nicht einsch\u00fcchtern. Wir stehen zusammen \u2013 Auf der Stra\u00dfe &amp; vor Gericht!<\/p>\n\n\n\n<p>Denn diese Angriffe sind auch der Versuch die Bewegung und die Demonstrationsteilnehmer:innen in \u201egut\u201c und \u201eb\u00f6se\u201c zu spalten. Dem setzen wir unseren Zusammenhalt und unsere Solidarit\u00e4t entgegen. Gegen die Missst\u00e4nde in diesem System und gegen den Rechtsruck in der Gesellschaft aktiv zu werden, sowie den Protest auf die Stra\u00dfe zu tragen ist nicht nur legitim sondern auch bitter notwendig.<\/p>\n\n\n\n<p>Die Landtagswahlen stehen vor der T\u00fcr und die AfD kratzt an den 20%. An den K\u00fcrzungen im kommunalen Haushalt der Stadt Stuttgart sehen wir, dass eine neoliberale und zunehmend rechte Politik bereits zur Tagesordnung geh\u00f6rt. Mit dem weiteren Erstarken der AfD k\u00f6nnen noch ganz andere Dimensionen erreicht werden. Deshalb werden wir als Antifaschist:innen weiter aktiv sein.<\/p>\n\n\n\n<p>Aus diesem Grund ist es v\u00f6llig klar, dass wir sowohl unsere Genossin bei ihrem Prozess am 24.02. vor dem Amtsgericht Stuttgart unterst\u00fctzen, als auch am selben Abend gegen die Einladung der AfD zum &#8222;Triell&#8220; des SWR aktiv sein- und unseren Protest gemeinsam mit dem B\u00fcndnis &#8222;Stuttgart gegen Rechts&#8220; auf die Stra\u00dfe tragen werden.<\/p>\n\n\n\n<figure class=\"wp-block-gallery has-nested-images columns-default is-cropped wp-block-gallery-1 is-layout-flex wp-block-gallery-is-layout-flex\">\n<figure class=\"wp-block-image size-large\"><a href=\"https:\/\/solikreis.org\/wp-content\/uploads\/2026\/02\/2-1.png\"><img loading=\"lazy\" decoding=\"async\" width=\"819\" height=\"1024\" data-id=\"500\" src=\"https:\/\/solikreis.org\/wp-content\/uploads\/2026\/02\/2-1-819x1024.png\" alt=\"\" class=\"wp-image-500\" srcset=\"https:\/\/solikreis.org\/wp-content\/uploads\/2026\/02\/2-1-819x1024.png 819w, https:\/\/solikreis.org\/wp-content\/uploads\/2026\/02\/2-1-240x300.png 240w, https:\/\/solikreis.org\/wp-content\/uploads\/2026\/02\/2-1-768x960.png 768w, https:\/\/solikreis.org\/wp-content\/uploads\/2026\/02\/2-1.png 1080w\" sizes=\"auto, (max-width: 819px) 100vw, 819px\" \/><\/a><\/figure>\n\n\n\n<figure class=\"wp-block-image size-large\"><a href=\"https:\/\/solikreis.org\/wp-content\/uploads\/2026\/02\/3-1.png\"><img loading=\"lazy\" decoding=\"async\" width=\"819\" height=\"1024\" data-id=\"502\" src=\"https:\/\/solikreis.org\/wp-content\/uploads\/2026\/02\/3-1-819x1024.png\" alt=\"\" class=\"wp-image-502\" srcset=\"https:\/\/solikreis.org\/wp-content\/uploads\/2026\/02\/3-1-819x1024.png 819w, https:\/\/solikreis.org\/wp-content\/uploads\/2026\/02\/3-1-240x300.png 240w, https:\/\/solikreis.org\/wp-content\/uploads\/2026\/02\/3-1-768x960.png 768w, https:\/\/solikreis.org\/wp-content\/uploads\/2026\/02\/3-1.png 1080w\" sizes=\"auto, (max-width: 819px) 100vw, 819px\" \/><\/a><\/figure>\n\n\n\n<figure class=\"wp-block-image size-large\"><a href=\"https:\/\/solikreis.org\/wp-content\/uploads\/2026\/02\/4-1.png\"><img loading=\"lazy\" decoding=\"async\" width=\"819\" height=\"1024\" data-id=\"503\" src=\"https:\/\/solikreis.org\/wp-content\/uploads\/2026\/02\/4-1-819x1024.png\" alt=\"\" class=\"wp-image-503\" srcset=\"https:\/\/solikreis.org\/wp-content\/uploads\/2026\/02\/4-1-819x1024.png 819w, https:\/\/solikreis.org\/wp-content\/uploads\/2026\/02\/4-1-240x300.png 240w, https:\/\/solikreis.org\/wp-content\/uploads\/2026\/02\/4-1-768x960.png 768w, https:\/\/solikreis.org\/wp-content\/uploads\/2026\/02\/4-1.png 1080w\" sizes=\"auto, (max-width: 819px) 100vw, 819px\" \/><\/a><\/figure>\n\n\n\n<figure class=\"wp-block-image size-large\"><a href=\"https:\/\/solikreis.org\/wp-content\/uploads\/2026\/02\/5-1.png\"><img loading=\"lazy\" decoding=\"async\" width=\"819\" height=\"1024\" data-id=\"501\" src=\"https:\/\/solikreis.org\/wp-content\/uploads\/2026\/02\/5-1-819x1024.png\" alt=\"\" class=\"wp-image-501\" srcset=\"https:\/\/solikreis.org\/wp-content\/uploads\/2026\/02\/5-1-819x1024.png 819w, https:\/\/solikreis.org\/wp-content\/uploads\/2026\/02\/5-1-240x300.png 240w, https:\/\/solikreis.org\/wp-content\/uploads\/2026\/02\/5-1-768x960.png 768w, https:\/\/solikreis.org\/wp-content\/uploads\/2026\/02\/5-1.png 1080w\" sizes=\"auto, (max-width: 819px) 100vw, 819px\" \/><\/a><\/figure>\n<\/figure>\n","protected":false},"excerpt":{"rendered":"<p>In Stuttgart fahren Polizei und Versammlungsbeh\u00f6rden schon seit ein paar Jahren einen harten Kurs gegen linke und ihnen unliebsame Demonstrationen und Kundgebungen. Angefangen mit der Verunm\u00f6glichung der Demonstration &#8222;Canstatt Nazifrei&#8220; anl\u00e4sslich des AfD Landesparteitags 2022, wurden auch die darauffolgenden revolution\u00e4ren 1.Mai Demonstrationen gewaltsam von der Polizei angegriffen und die geplante Durchf\u00fchrung damit verhindert &#8211; auf [&hellip;]<\/p>\n","protected":false},"author":1,"featured_media":499,"comment_status":"closed","ping_status":"closed","sticky":false,"template":"","format":"standard","meta":{"footnotes":""},"categories":[6],"tags":[],"class_list":["post-498","post","type-post","status-publish","format-standard","has-post-thumbnail","hentry","category-aktuelles"],"_links":{"self":[{"href":"https:\/\/solikreis.org\/index.php\/wp-json\/wp\/v2\/posts\/498","targetHints":{"allow":["GET"]}}],"collection":[{"href":"https:\/\/solikreis.org\/index.php\/wp-json\/wp\/v2\/posts"}],"about":[{"href":"https:\/\/solikreis.org\/index.php\/wp-json\/wp\/v2\/types\/post"}],"author":[{"embeddable":true,"href":"https:\/\/solikreis.org\/index.php\/wp-json\/wp\/v2\/users\/1"}],"replies":[{"embeddable":true,"href":"https:\/\/solikreis.org\/index.php\/wp-json\/wp\/v2\/comments?post=498"}],"version-history":[{"count":1,"href":"https:\/\/solikreis.org\/index.php\/wp-json\/wp\/v2\/posts\/498\/revisions"}],"predecessor-version":[{"id":504,"href":"https:\/\/solikreis.org\/index.php\/wp-json\/wp\/v2\/posts\/498\/revisions\/504"}],"wp:featuredmedia":[{"embeddable":true,"href":"https:\/\/solikreis.org\/index.php\/wp-json\/wp\/v2\/media\/499"}],"wp:attachment":[{"href":"https:\/\/solikreis.org\/index.php\/wp-json\/wp\/v2\/media?parent=498"}],"wp:term":[{"taxonomy":"category","embeddable":true,"href":"https:\/\/solikreis.org\/index.php\/wp-json\/wp\/v2\/categories?post=498"},{"taxonomy":"post_tag","embeddable":true,"href":"https:\/\/solikreis.org\/index.php\/wp-json\/wp\/v2\/tags?post=498"}],"curies":[{"name":"wp","href":"https:\/\/api.w.org\/{rel}","templated":true}]}}