{"id":847,"date":"2026-09-03T08:49:11","date_gmt":"2026-09-03T08:49:11","guid":{"rendered":"https:\/\/solikreis.org\/?p=847"},"modified":"2026-09-03T09:01:44","modified_gmt":"2026-09-03T09:01:44","slug":"bundesweite-ulm-5-demo-in-stuttgart-am-24-10","status":"publish","type":"post","link":"https:\/\/solikreis.org\/index.php\/2026\/09\/03\/bundesweite-ulm-5-demo-in-stuttgart-am-24-10\/","title":{"rendered":"Bundesweite Ulm 5 Demo in Stuttgart am 24.10."},"content":{"rendered":"\n<figure class=\"wp-block-image size-large\"><img loading=\"lazy\" decoding=\"async\" width=\"821\" height=\"1024\" src=\"https:\/\/solikreis.org\/wp-content\/uploads\/2026\/09\/Ulm-5-821x1024.jpg\" alt=\"\" class=\"wp-image-848\" srcset=\"https:\/\/solikreis.org\/wp-content\/uploads\/2026\/09\/Ulm-5-821x1024.jpg 821w, https:\/\/solikreis.org\/wp-content\/uploads\/2026\/09\/Ulm-5-240x300.jpg 240w, https:\/\/solikreis.org\/wp-content\/uploads\/2026\/09\/Ulm-5-768x958.jpg 768w, https:\/\/solikreis.org\/wp-content\/uploads\/2026\/09\/Ulm-5.jpg 1170w\" sizes=\"auto, (max-width: 821px) 100vw, 821px\" \/><\/figure>\n\n\n\n<p class=\"wp-block-paragraph\">Seit einigen Monaten l\u00e4uft der Prozess gegen die Ulm 5 in Stuttgart-Stammheim. Es ist eines der gr\u00f6\u00dften Verfahren gegen die Pal\u00e4stina-Bewegung in Deutschland.<\/p>\n\n\n\n<p class=\"wp-block-paragraph\">Der Deutsche Staat versucht den legitimen Widerstand gegen den Genozid in Pal\u00e4stina und seine Profiteure zu kriminalisieren. Die Ulm 5 bleiben dagegen standhaft und verteidigen die Aktion.<\/p>\n\n\n\n<p class=\"wp-block-paragraph\">Vor Gericht und auf der Stra\u00dfe f\u00fchren wir einen gemeinsamen Kampf &#8211; Kommt am 24. Oktober nach Stuttgart auf die Demo.<\/p>\n\n\n\n<p class=\"wp-block-paragraph\">Alle Infos zum Prozess findet ihr auf: <a href=\"https:\/\/ulm5.info\/de\/\">https:\/\/ulm5.info\/de\/<\/a><\/p>\n\n\n\n<p class=\"wp-block-paragraph\">Instagram: @<a href=\"https:\/\/www.instagram.com\/theulm5\/?hl=de\" data-type=\"link\" data-id=\"https:\/\/www.instagram.com\/theulm5\/?hl=de\">Ulm5<\/a><\/p>\n\n\n\n<p class=\"wp-block-paragraph\"><\/p>\n","protected":false},"excerpt":{"rendered":"<p>Seit einigen Monaten l\u00e4uft der Prozess gegen die Ulm 5 in Stuttgart-Stammheim. Es ist eines der gr\u00f6\u00dften Verfahren gegen die Pal\u00e4stina-Bewegung in Deutschland. Der Deutsche Staat versucht den legitimen Widerstand gegen den Genozid in Pal\u00e4stina und seine Profiteure zu kriminalisieren. Die Ulm 5 bleiben dagegen standhaft und verteidigen die Aktion. Vor Gericht und auf der [&hellip;]<\/p>\n","protected":false},"author":1,"featured_media":848,"comment_status":"closed","ping_status":"closed","sticky":false,"template":"","format":"standard","meta":{"footnotes":""},"categories":[6,13,16],"tags":[],"class_list":["post-847","post","type-post","status-publish","format-standard","has-post-thumbnail","hentry","category-aktuelles","category-internationale-solidaritaet","category-ulm-5"],"_links":{"self":[{"href":"https:\/\/solikreis.org\/index.php\/wp-json\/wp\/v2\/posts\/847","targetHints":{"allow":["GET"]}}],"collection":[{"href":"https:\/\/solikreis.org\/index.php\/wp-json\/wp\/v2\/posts"}],"about":[{"href":"https:\/\/solikreis.org\/index.php\/wp-json\/wp\/v2\/types\/post"}],"author":[{"embeddable":true,"href":"https:\/\/solikreis.org\/index.php\/wp-json\/wp\/v2\/users\/1"}],"replies":[{"embeddable":true,"href":"https:\/\/solikreis.org\/index.php\/wp-json\/wp\/v2\/comments?post=847"}],"version-history":[{"count":1,"href":"https:\/\/solikreis.org\/index.php\/wp-json\/wp\/v2\/posts\/847\/revisions"}],"predecessor-version":[{"id":849,"href":"https:\/\/solikreis.org\/index.php\/wp-json\/wp\/v2\/posts\/847\/revisions\/849"}],"wp:featuredmedia":[{"embeddable":true,"href":"https:\/\/solikreis.org\/index.php\/wp-json\/wp\/v2\/media\/848"}],"wp:attachment":[{"href":"https:\/\/solikreis.org\/index.php\/wp-json\/wp\/v2\/media?parent=847"}],"wp:term":[{"taxonomy":"category","embeddable":true,"href":"https:\/\/solikreis.org\/index.php\/wp-json\/wp\/v2\/categories?post=847"},{"taxonomy":"post_tag","embeddable":true,"href":"https:\/\/solikreis.org\/index.php\/wp-json\/wp\/v2\/tags?post=847"}],"curies":[{"name":"wp","href":"https:\/\/api.w.org\/{rel}","templated":true}]}}